{"id":3576,"date":"2022-04-20T11:12:52","date_gmt":"2022-04-20T11:12:52","guid":{"rendered":"https:\/\/cyber-ihedn.fr\/?p=3576"},"modified":"2024-03-07T17:44:22","modified_gmt":"2024-03-07T17:44:22","slug":"video-table-ronde-reconquete-de-la-souverainete-numerique-paris-13-avril-2022","status":"publish","type":"post","link":"https:\/\/cyber-ihedn.fr\/en\/video-table-ronde-reconquete-de-la-souverainete-numerique-paris-13-avril-2022\/","title":{"rendered":"[VIDEO] Table ronde \u00ab\u00a0Reconqu\u00eate de la souverainet\u00e9 num\u00e9rique\u00a0\u00bb (Paris, 13 avril 2022)"},"content":{"rendered":"<p><img loading=\"lazy\" decoding=\"async\" class=\"alignnone size-full wp-image-3542\" src=\"https:\/\/cyber-ihedn.fr\/wp-content\/uploads\/2022\/03\/logo-CHAIRE-AGORA-CERCLE.png\" alt=\"\" width=\"900\" height=\"300\" srcset=\"https:\/\/cyber-ihedn.fr\/wp-content\/uploads\/2022\/03\/logo-CHAIRE-AGORA-CERCLE.png 900w, https:\/\/cyber-ihedn.fr\/wp-content\/uploads\/2022\/03\/logo-CHAIRE-AGORA-CERCLE-300x100.png 300w, https:\/\/cyber-ihedn.fr\/wp-content\/uploads\/2022\/03\/logo-CHAIRE-AGORA-CERCLE-768x256.png 768w, https:\/\/cyber-ihedn.fr\/wp-content\/uploads\/2022\/03\/logo-CHAIRE-AGORA-CERCLE-696x232.png 696w\" sizes=\"auto, (max-width: 900px) 100vw, 900px\" \/><\/p>\n<p>In the presence of Lieutenant General Beno\u00eet Durieux, Director of the IHEDN and Higher Military Education (EMS), who came to give a welcome address, the participants, mostly from the <a href=\"https:\/\/ihedn.fr\/formation\/souverainete-numerique-et-cybersecurite\/\" target=\"_blank\" rel=\"noopener\">Digital Sovereignty and Cybersecurity major at the IHEDN National Session<\/a> attended a round table on Wednesday 13 April 2022 focusing on the collective work <a href=\"https:\/\/www.lecercledeladonnee.org\/souverainete-numerique-essai-pour-une-reconquete\/\" target=\"_blank\" rel=\"noopener\"><em>Digital sovereignty: an attempt to reclaim it<\/em><\/a>.<\/p>\n<p><img loading=\"lazy\" decoding=\"async\" class=\"alignnone size-full wp-image-3579\" src=\"https:\/\/cyber-ihedn.fr\/wp-content\/uploads\/2022\/05\/IHEDN-13042022-_HRE5797-scaled.jpg\" alt=\"\" width=\"2560\" height=\"1703\" srcset=\"https:\/\/cyber-ihedn.fr\/wp-content\/uploads\/2022\/05\/IHEDN-13042022-_HRE5797-scaled.jpg 2560w, https:\/\/cyber-ihedn.fr\/wp-content\/uploads\/2022\/05\/IHEDN-13042022-_HRE5797-300x200.jpg 300w, https:\/\/cyber-ihedn.fr\/wp-content\/uploads\/2022\/05\/IHEDN-13042022-_HRE5797-1024x681.jpg 1024w, https:\/\/cyber-ihedn.fr\/wp-content\/uploads\/2022\/05\/IHEDN-13042022-_HRE5797-768x511.jpg 768w, https:\/\/cyber-ihedn.fr\/wp-content\/uploads\/2022\/05\/IHEDN-13042022-_HRE5797-1536x1022.jpg 1536w, https:\/\/cyber-ihedn.fr\/wp-content\/uploads\/2022\/05\/IHEDN-13042022-_HRE5797-2048x1363.jpg 2048w, https:\/\/cyber-ihedn.fr\/wp-content\/uploads\/2022\/05\/IHEDN-13042022-_HRE5797-696x463.jpg 696w, https:\/\/cyber-ihedn.fr\/wp-content\/uploads\/2022\/05\/IHEDN-13042022-_HRE5797-1392x926.jpg 1392w, https:\/\/cyber-ihedn.fr\/wp-content\/uploads\/2022\/05\/IHEDN-13042022-_HRE5797-1068x711.jpg 1068w, https:\/\/cyber-ihedn.fr\/wp-content\/uploads\/2022\/05\/IHEDN-13042022-_HRE5797-1920x1277.jpg 1920w, https:\/\/cyber-ihedn.fr\/wp-content\/uploads\/2022\/05\/IHEDN-13042022-_HRE5797-631x420.jpg 631w, https:\/\/cyber-ihedn.fr\/wp-content\/uploads\/2022\/05\/IHEDN-13042022-_HRE5797-1263x840.jpg 1263w\" sizes=\"auto, (max-width: 2560px) 100vw, 2560px\" \/><\/p>\n<p>Co-organised by the Cyber and Digital Sovereignty Chair - IHEDN, the\u2019<a href=\"https:\/\/2z9yo.r.a.d.sendibm1.com\/mk\/cl\/f\/QF8b4aRE-DxK7_PvopHJBuNxZytI3ZuNuIsA91-SW5NeFoA3Hk7zWYNP6qEol0oKfroNfPr8RUFpvlaNM2bTpBSvIqQfvunje0BRd0PAiI8tjb4ZidfjGu80R4lu5rm2C2H7il-AL3A-qgcos4qOnPRNRfSTwFonlb01dHarppTM5T1fc8z9Pgk\" target=\"_blank\" rel=\"noopener\">AGORA 41<\/a>, ANSSI think tank, and the <a href=\"https:\/\/www.lecercledeladonnee.org\/\" target=\"_blank\" rel=\"noopener\">Data circle<\/a>, the \u00abReconquering Digital Sovereignty\u00bb round table featured the following speakers <a href=\"https:\/\/www.linkedin.com\/in\/bernard-de-courr%C3%A8ges-d-ustou\/\" target=\"_blank\" rel=\"noopener\">Lieutenant General Bernard de Courr\u00e8ges d'Ustou<\/a>, Inspecteur G\u00e9n\u00e9ral des Finances and former Director of the IHEDN, and to\u00a0<a href=\"https:\/\/www.linkedin.com\/in\/matthieu-bourgeois\/\" target=\"_blank\" rel=\"noopener\">Matthieu Bourgeois<\/a>, a lawyer specialising in digital and communications law, Vice-Chairman of the Cercle de la donn\u00e9e and a member of AGORA 41.<\/p>\n<p><img loading=\"lazy\" decoding=\"async\" class=\"alignnone size-full wp-image-3580\" src=\"https:\/\/cyber-ihedn.fr\/wp-content\/uploads\/2022\/05\/IHEDN-13042022-_HRE5805-scaled.jpg\" alt=\"\" width=\"2560\" height=\"1703\" srcset=\"https:\/\/cyber-ihedn.fr\/wp-content\/uploads\/2022\/05\/IHEDN-13042022-_HRE5805-scaled.jpg 2560w, https:\/\/cyber-ihedn.fr\/wp-content\/uploads\/2022\/05\/IHEDN-13042022-_HRE5805-300x200.jpg 300w, https:\/\/cyber-ihedn.fr\/wp-content\/uploads\/2022\/05\/IHEDN-13042022-_HRE5805-1024x681.jpg 1024w, https:\/\/cyber-ihedn.fr\/wp-content\/uploads\/2022\/05\/IHEDN-13042022-_HRE5805-768x511.jpg 768w, https:\/\/cyber-ihedn.fr\/wp-content\/uploads\/2022\/05\/IHEDN-13042022-_HRE5805-1536x1022.jpg 1536w, https:\/\/cyber-ihedn.fr\/wp-content\/uploads\/2022\/05\/IHEDN-13042022-_HRE5805-2048x1363.jpg 2048w, https:\/\/cyber-ihedn.fr\/wp-content\/uploads\/2022\/05\/IHEDN-13042022-_HRE5805-696x463.jpg 696w, https:\/\/cyber-ihedn.fr\/wp-content\/uploads\/2022\/05\/IHEDN-13042022-_HRE5805-1392x926.jpg 1392w, https:\/\/cyber-ihedn.fr\/wp-content\/uploads\/2022\/05\/IHEDN-13042022-_HRE5805-1068x711.jpg 1068w, https:\/\/cyber-ihedn.fr\/wp-content\/uploads\/2022\/05\/IHEDN-13042022-_HRE5805-1920x1278.jpg 1920w, https:\/\/cyber-ihedn.fr\/wp-content\/uploads\/2022\/05\/IHEDN-13042022-_HRE5805-631x420.jpg 631w, https:\/\/cyber-ihedn.fr\/wp-content\/uploads\/2022\/05\/IHEDN-13042022-_HRE5805-1262x840.jpg 1262w\" sizes=\"auto, (max-width: 2560px) 100vw, 2560px\" \/><\/p>\n<p>After outlining the reasons that led AGORA 41 and the Cercle de la donn\u00e9e to publish this essay, the speakers presented the book's conclusions and set out their proposals in 3 sections:<\/p>\n<ul>\n<li>Economic: (1) stimulate digital investment (i) by extending the IR-PME tax exemption scheme (ii) and the research tax credit (CIR), and (iii) by reforming property tax; (2) extend merger control by adding, for example, an alternative criterion to sales, corresponding to market share; (3) create regulated professions for the digital sector such as \u00abdigital auditor\u00bb or \u00abalgorithm auditor\u00bb.<\/li>\n<li>Education and research: (4) set up an investment fund to support basic research and create mechanisms to publicise and promote this basic research; (5) publish a digital civics booklet for people of different ages, launched by means of a vast communication campaign.<\/li>\n<li>Legal and digital aspects: (6) impose conditions on all operations involving certain essential data, so that they are subject only to European texts to the exclusion of any other foreign legislation; (7) assign the steering of e-governance to a dedicated body coordinated and directed at the highest level of government.<\/li>\n<\/ul>\n<p>The presentation was followed by a discussion with the audience.<\/p>\n<p>General Marc Watin-Augouard, Head of the Digital Sovereignty and Cybersecurity major at the IHEDN National Session, closed the event.<\/p>\n<p><img loading=\"lazy\" decoding=\"async\" class=\"alignnone size-full wp-image-3581\" src=\"https:\/\/cyber-ihedn.fr\/wp-content\/uploads\/2022\/05\/IHEDN-13042022-_HRE5875-scaled.jpg\" alt=\"\" width=\"2560\" height=\"1707\" srcset=\"https:\/\/cyber-ihedn.fr\/wp-content\/uploads\/2022\/05\/IHEDN-13042022-_HRE5875-scaled.jpg 2560w, https:\/\/cyber-ihedn.fr\/wp-content\/uploads\/2022\/05\/IHEDN-13042022-_HRE5875-300x200.jpg 300w, https:\/\/cyber-ihedn.fr\/wp-content\/uploads\/2022\/05\/IHEDN-13042022-_HRE5875-1024x683.jpg 1024w, https:\/\/cyber-ihedn.fr\/wp-content\/uploads\/2022\/05\/IHEDN-13042022-_HRE5875-768x512.jpg 768w, https:\/\/cyber-ihedn.fr\/wp-content\/uploads\/2022\/05\/IHEDN-13042022-_HRE5875-1536x1024.jpg 1536w, https:\/\/cyber-ihedn.fr\/wp-content\/uploads\/2022\/05\/IHEDN-13042022-_HRE5875-2048x1366.jpg 2048w, https:\/\/cyber-ihedn.fr\/wp-content\/uploads\/2022\/05\/IHEDN-13042022-_HRE5875-696x464.jpg 696w, https:\/\/cyber-ihedn.fr\/wp-content\/uploads\/2022\/05\/IHEDN-13042022-_HRE5875-1392x928.jpg 1392w, https:\/\/cyber-ihedn.fr\/wp-content\/uploads\/2022\/05\/IHEDN-13042022-_HRE5875-1068x712.jpg 1068w, https:\/\/cyber-ihedn.fr\/wp-content\/uploads\/2022\/05\/IHEDN-13042022-_HRE5875-1920x1280.jpg 1920w, https:\/\/cyber-ihedn.fr\/wp-content\/uploads\/2022\/05\/IHEDN-13042022-_HRE5875-630x420.jpg 630w, https:\/\/cyber-ihedn.fr\/wp-content\/uploads\/2022\/05\/IHEDN-13042022-_HRE5875-1260x840.jpg 1260w\" sizes=\"auto, (max-width: 2560px) 100vw, 2560px\" \/><\/p>\n<p style=\"text-align: center;\"><a href=\"https:\/\/youtu.be\/WWKGEnyVs_0\" target=\"_blank\" rel=\"noopener\"><span class=\"td_btn td_btn_md td_round_btn\">watch the video<\/span><\/a><\/p>\n<p style=\"text-align: center;\"><a href=\"https:\/\/www.lecercledeladonnee.org\/souverainete-numerique-essai-pour-une-reconquete\/\" target=\"_blank\" rel=\"noopener\"><span class=\"td_btn td_btn_md td_round_btn\">download test<\/span><\/a><\/p>","protected":false},"excerpt":{"rendered":"<p>En pr\u00e9sence du G\u00e9n\u00e9ral de corps d&rsquo;arm\u00e9e Beno\u00eet Durieux, Directeur de l\u2019IHEDN et de l\u2019Enseignement militaire sup\u00e9rieur (EMS), venu prononcer un mot d&rsquo;accueil, les participants majoritairement issus de la majeure Souverainet\u00e9 num\u00e9rique et cybers\u00e9curit\u00e9 de la Session nationale de l\u2019IHEDN ont assist\u00e9 mercredi 13 avril 2022 \u00e0 une table ronde centr\u00e9e sur l\u2019ouvrage collectif Souverainet\u00e9 [&hellip;]<\/p>\n","protected":false},"author":2,"featured_media":3578,"comment_status":"open","ping_status":"open","sticky":false,"template":"","format":"standard","meta":{"footnotes":""},"categories":[34,355],"tags":[450,448,449,441,421,423,456,447,451,422,446],"class_list":{"0":"post-3576","1":"post","2":"type-post","3":"status-publish","4":"format-standard","5":"has-post-thumbnail","7":"category-activites","8":"category-activites-evenements-portes-par-la-chaire","9":"tag-agora-41","10":"tag-bernard-de-courreges-dustou","11":"tag-cercle-de-la-donnee","12":"tag-chaire-cyber-et-souverainete-numerique-ihedn","13":"tag-cyber","14":"tag-jean-peeters","15":"tag-marc-watin-augouard","16":"tag-matthieu-bourgeois","17":"tag-philippe-lavault","18":"tag-souverainete-numerique","19":"tag-table-ronde"},"_links":{"self":[{"href":"https:\/\/cyber-ihedn.fr\/en\/wp-json\/wp\/v2\/posts\/3576","targetHints":{"allow":["GET"]}}],"collection":[{"href":"https:\/\/cyber-ihedn.fr\/en\/wp-json\/wp\/v2\/posts"}],"about":[{"href":"https:\/\/cyber-ihedn.fr\/en\/wp-json\/wp\/v2\/types\/post"}],"author":[{"embeddable":true,"href":"https:\/\/cyber-ihedn.fr\/en\/wp-json\/wp\/v2\/users\/2"}],"replies":[{"embeddable":true,"href":"https:\/\/cyber-ihedn.fr\/en\/wp-json\/wp\/v2\/comments?post=3576"}],"version-history":[{"count":6,"href":"https:\/\/cyber-ihedn.fr\/en\/wp-json\/wp\/v2\/posts\/3576\/revisions"}],"predecessor-version":[{"id":3889,"href":"https:\/\/cyber-ihedn.fr\/en\/wp-json\/wp\/v2\/posts\/3576\/revisions\/3889"}],"wp:featuredmedia":[{"embeddable":true,"href":"https:\/\/cyber-ihedn.fr\/en\/wp-json\/wp\/v2\/media\/3578"}],"wp:attachment":[{"href":"https:\/\/cyber-ihedn.fr\/en\/wp-json\/wp\/v2\/media?parent=3576"}],"wp:term":[{"taxonomy":"category","embeddable":true,"href":"https:\/\/cyber-ihedn.fr\/en\/wp-json\/wp\/v2\/categories?post=3576"},{"taxonomy":"post_tag","embeddable":true,"href":"https:\/\/cyber-ihedn.fr\/en\/wp-json\/wp\/v2\/tags?post=3576"}],"curies":[{"name":"wp","href":"https:\/\/api.w.org\/{rel}","templated":true}]}}