{"id":4404,"date":"2026-04-03T10:29:22","date_gmt":"2026-04-03T10:29:22","guid":{"rendered":"https:\/\/cyber-ihedn.fr\/?p=4404"},"modified":"2026-04-15T16:05:57","modified_gmt":"2026-04-15T16:05:57","slug":"video-ia-dfense-et-souverainet-participation-de-la-chaire-au-pdsf-2026","status":"publish","type":"post","link":"https:\/\/cyber-ihedn.fr\/en\/video-ia-dfense-et-souverainet-participation-de-la-chaire-au-pdsf-2026\/","title":{"rendered":"[VIDEO] \u00ab\u00a0IA, d\u00e9fense et souverainet\u00e9\u00a0\u00bb : participation de la Chaire au PDSF 2026"},"content":{"rendered":"<h3 style=\"text-align: center;\">Jean Peeters moderated the \u00abAI, Defence and Sovereignty\u00bb round table as part of the third edition of the <a href=\"https:\/\/parisdefencestrategyforum.com\/fr\/\" target=\"_blank\" rel=\"noopener\">Paris Defence and Strategy Forum (PDSF)<\/a> of the\u2019<a href=\"https:\/\/www.defense.gouv.fr\/academ\" target=\"_blank\" rel=\"noopener\">Defence Academy of the \u00c9cole Militaire (ACADEM)<\/a><\/h3>\n<p><img loading=\"lazy\" decoding=\"async\" class=\"size-full wp-image-4395 aligncenter\" src=\"https:\/\/cyber-ihedn.fr\/wp-content\/uploads\/2026\/04\/PDSF_2026-16.9.jpg\" alt=\"\" width=\"792\" height=\"445\" srcset=\"https:\/\/cyber-ihedn.fr\/wp-content\/uploads\/2026\/04\/PDSF_2026-16.9.jpg 792w, https:\/\/cyber-ihedn.fr\/wp-content\/uploads\/2026\/04\/PDSF_2026-16.9-300x169.jpg 300w, https:\/\/cyber-ihedn.fr\/wp-content\/uploads\/2026\/04\/PDSF_2026-16.9-768x432.jpg 768w, https:\/\/cyber-ihedn.fr\/wp-content\/uploads\/2026\/04\/PDSF_2026-16.9-18x10.jpg 18w, https:\/\/cyber-ihedn.fr\/wp-content\/uploads\/2026\/04\/PDSF_2026-16.9-748x420.jpg 748w, https:\/\/cyber-ihedn.fr\/wp-content\/uploads\/2026\/04\/PDSF_2026-16.9-696x391.jpg 696w\" sizes=\"auto, (max-width: 792px) 100vw, 792px\" \/><\/p>\n<p>The 2026 edition of the\u00a0<strong><a href=\"https:\/\/parisdefencestrategyforum.com\/fr\/\" target=\"_blank\" rel=\"noopener\">Paris Defence and Strategy Forum (PDSF)<\/a>\u00a0<\/strong>was held at the \u00c9cole Militaire, Paris 7, from 24 to 26 March 2026.<\/p>\n<p>Scheduled for 26 March 2026, the \u00abAI, Defence and Sovereignty\u00bb round table, hosted by <strong>Jean Peeters<\/strong>, The event brought together speakers from the institutional, industrial and academic spheres to share their analyses:<\/p>\n<ul>\n<li><strong>IGA Patrick Aufort<\/strong>, Director of the Defence Innovation Agency (DIA)<\/li>\n<li><strong>Julien Bzowski<\/strong>, Strategic Director and AI specialist, Safran<\/li>\n<li><strong>Bruno Carron<\/strong>, Senior AI Expert, Airbus Defense and Space<\/li>\n<li><strong>St\u00e9phan Cl\u00e9men\u00e7on<\/strong>, Professor at T\u00e9l\u00e9com Paris, Institut Polytechnique de Paris (IPP)<\/li>\n<li><strong> Karl Neuberger<\/strong>, Vice President in charge of Defence AI at Capgemini Invent<\/li>\n<li><strong>\u00c9ric Papin<\/strong>, Naval Group Technical and Innovation Director<\/li>\n<\/ul>\n<p style=\"text-align: center;\"><a href=\"https:\/\/www.youtube.com\/watch?v=W7Zr1xF0NP4\" target=\"_blank\" rel=\"noopener\"><span class=\"td_btn td_btn_md td_default_btn\">see the round table<\/span><\/a><\/p>\n<p><img loading=\"lazy\" decoding=\"async\" class=\"wp-image-4410 size-large aligncenter\" src=\"https:\/\/cyber-ihedn.fr\/wp-content\/uploads\/2026\/04\/Ryarpn4sIc1vOo-1024x682.jpg\" alt=\"\" width=\"696\" height=\"464\" srcset=\"https:\/\/cyber-ihedn.fr\/wp-content\/uploads\/2026\/04\/Ryarpn4sIc1vOo-1024x682.jpg 1024w, https:\/\/cyber-ihedn.fr\/wp-content\/uploads\/2026\/04\/Ryarpn4sIc1vOo-300x200.jpg 300w, https:\/\/cyber-ihedn.fr\/wp-content\/uploads\/2026\/04\/Ryarpn4sIc1vOo-768x512.jpg 768w, https:\/\/cyber-ihedn.fr\/wp-content\/uploads\/2026\/04\/Ryarpn4sIc1vOo-1536x1024.jpg 1536w, https:\/\/cyber-ihedn.fr\/wp-content\/uploads\/2026\/04\/Ryarpn4sIc1vOo-18x12.jpg 18w, https:\/\/cyber-ihedn.fr\/wp-content\/uploads\/2026\/04\/Ryarpn4sIc1vOo-630x420.jpg 630w, https:\/\/cyber-ihedn.fr\/wp-content\/uploads\/2026\/04\/Ryarpn4sIc1vOo-1260x840.jpg 1260w, https:\/\/cyber-ihedn.fr\/wp-content\/uploads\/2026\/04\/Ryarpn4sIc1vOo-696x464.jpg 696w, https:\/\/cyber-ihedn.fr\/wp-content\/uploads\/2026\/04\/Ryarpn4sIc1vOo-1392x928.jpg 1392w, https:\/\/cyber-ihedn.fr\/wp-content\/uploads\/2026\/04\/Ryarpn4sIc1vOo-1068x712.jpg 1068w, https:\/\/cyber-ihedn.fr\/wp-content\/uploads\/2026\/04\/Ryarpn4sIc1vOo-1920x1280.jpg 1920w, https:\/\/cyber-ihedn.fr\/wp-content\/uploads\/2026\/04\/Ryarpn4sIc1vOo.jpg 2000w\" sizes=\"auto, (max-width: 696px) 100vw, 696px\" \/><\/p>","protected":false},"excerpt":{"rendered":"<p>Jean Peeters a anim\u00e9 la table ronde \u00ab\u00a0IA, d\u00e9fense et souverainet\u00e9\u00a0\u00bb, dans le cadre de la troisi\u00e8me \u00e9dition du Forum de Paris pour la d\u00e9fense et la strat\u00e9gie (PDSF) de l\u2019Acad\u00e9mie de d\u00e9fense de l&rsquo;\u00c9cole militaire (ACADEM) L\u2019\u00e9dition 2026 du\u00a0Forum de Paris pour la d\u00e9fense et la strat\u00e9gie (PDSF)\u00a0s\u2019est tenue \u00e0 l\u2019\u00c9cole militaire, Paris 7e, [&hellip;]<\/p>\n","protected":false},"author":2,"featured_media":4394,"comment_status":"open","ping_status":"open","sticky":false,"template":"","format":"standard","meta":{"footnotes":""},"categories":[356],"tags":[485,571,585,584,589,588,592,593,572,574,595,577,512,596,513,423,586,591,594,575,583,573,587,590,435],"class_list":{"0":"post-4404","1":"post","2":"type-post","3":"status-publish","4":"format-standard","5":"has-post-thumbnail","7":"category-activites-participation-de-la-chaire-a-un-evenement","8":"tag-academ","9":"tag-academie-de-defense-de-lecole-militaire","10":"tag-agence-de-linnovation-de-defense","11":"tag-aid","12":"tag-airbus","13":"tag-bruno-carron","14":"tag-capgemini-invent","15":"tag-eric-papin","16":"tag-forum-de-paris-pour-la-defense-et-la-strategie","17":"tag-fpds","18":"tag-ia","19":"tag-institut-de-recherche-strategique-de-lecole-militaire","20":"tag-institut-polytechnique-de-paris","21":"tag-intelligence-artificielle","22":"tag-ipp","23":"tag-jean-peeters","24":"tag-julien-bzowski","25":"tag-karl-neuberger","26":"tag-naval-group","27":"tag-paris-defence-and-strategy-forum","28":"tag-patrick-aufort","29":"tag-pdsf","30":"tag-safran","31":"tag-stephan-clemencon","32":"tag-telecom-paris"},"_links":{"self":[{"href":"https:\/\/cyber-ihedn.fr\/en\/wp-json\/wp\/v2\/posts\/4404","targetHints":{"allow":["GET"]}}],"collection":[{"href":"https:\/\/cyber-ihedn.fr\/en\/wp-json\/wp\/v2\/posts"}],"about":[{"href":"https:\/\/cyber-ihedn.fr\/en\/wp-json\/wp\/v2\/types\/post"}],"author":[{"embeddable":true,"href":"https:\/\/cyber-ihedn.fr\/en\/wp-json\/wp\/v2\/users\/2"}],"replies":[{"embeddable":true,"href":"https:\/\/cyber-ihedn.fr\/en\/wp-json\/wp\/v2\/comments?post=4404"}],"version-history":[{"count":4,"href":"https:\/\/cyber-ihedn.fr\/en\/wp-json\/wp\/v2\/posts\/4404\/revisions"}],"predecessor-version":[{"id":4414,"href":"https:\/\/cyber-ihedn.fr\/en\/wp-json\/wp\/v2\/posts\/4404\/revisions\/4414"}],"wp:featuredmedia":[{"embeddable":true,"href":"https:\/\/cyber-ihedn.fr\/en\/wp-json\/wp\/v2\/media\/4394"}],"wp:attachment":[{"href":"https:\/\/cyber-ihedn.fr\/en\/wp-json\/wp\/v2\/media?parent=4404"}],"wp:term":[{"taxonomy":"category","embeddable":true,"href":"https:\/\/cyber-ihedn.fr\/en\/wp-json\/wp\/v2\/categories?post=4404"},{"taxonomy":"post_tag","embeddable":true,"href":"https:\/\/cyber-ihedn.fr\/en\/wp-json\/wp\/v2\/tags?post=4404"}],"curies":[{"name":"wp","href":"https:\/\/api.w.org\/{rel}","templated":true}]}}