{"id":4412,"date":"2026-04-03T09:48:58","date_gmt":"2026-04-03T09:48:58","guid":{"rendered":"https:\/\/cyber-ihedn.fr\/?p=4412"},"modified":"2026-04-15T16:05:30","modified_gmt":"2026-04-15T16:05:30","slug":"video-quels-leviers-pour-atteindre-lautonomie-strategique-numerique-participation-de-la-chaire-au-pdsf-2026-copy","status":"publish","type":"post","link":"https:\/\/cyber-ihedn.fr\/en\/video-quels-leviers-pour-atteindre-lautonomie-strategique-numerique-participation-de-la-chaire-au-pdsf-2026-copy\/","title":{"rendered":"[VIDEO] \u00ab\u00a0Anticiper demain : d\u00e9fis technologiques et perspectives d\u2019avenir ?\u00a0\u00bb : participation de la Chaire au PDSF 2026 Exemplaire"},"content":{"rendered":"<h3 style=\"text-align: center;\">Vincent Giraud moderated the round table discussion \u00abAnticipating tomorrow: technological challenges and future prospects\u00bb as part of the third edition of the <a href=\"https:\/\/parisdefencestrategyforum.com\/fr\/\" target=\"_blank\" rel=\"noopener\">Paris Defence and Strategy Forum (PDSF)<\/a> of the\u2019<a href=\"https:\/\/www.defense.gouv.fr\/academ\" target=\"_blank\" rel=\"noopener\">Defence Academy of the \u00c9cole Militaire (ACADEM)<\/a><\/h3>\n<p><img loading=\"lazy\" decoding=\"async\" class=\"size-full wp-image-4395 aligncenter\" src=\"https:\/\/cyber-ihedn.fr\/wp-content\/uploads\/2026\/04\/PDSF_2026-16.9.jpg\" alt=\"\" width=\"792\" height=\"445\" srcset=\"https:\/\/cyber-ihedn.fr\/wp-content\/uploads\/2026\/04\/PDSF_2026-16.9.jpg 792w, https:\/\/cyber-ihedn.fr\/wp-content\/uploads\/2026\/04\/PDSF_2026-16.9-300x169.jpg 300w, https:\/\/cyber-ihedn.fr\/wp-content\/uploads\/2026\/04\/PDSF_2026-16.9-768x432.jpg 768w, https:\/\/cyber-ihedn.fr\/wp-content\/uploads\/2026\/04\/PDSF_2026-16.9-18x10.jpg 18w, https:\/\/cyber-ihedn.fr\/wp-content\/uploads\/2026\/04\/PDSF_2026-16.9-748x420.jpg 748w, https:\/\/cyber-ihedn.fr\/wp-content\/uploads\/2026\/04\/PDSF_2026-16.9-696x391.jpg 696w\" sizes=\"auto, (max-width: 792px) 100vw, 792px\" \/><\/p>\n<p>The 2026 edition of the Paris Defence and Strategy Forum (PDSF) was held at the \u00c9cole Militaire, Paris 7, from 24 to 26 March 2026.<\/p>\n<p>Scheduled for 25 March 2026, the round table \u00abAnticipating tomorrow: technological challenges and future prospects? <strong>Vincent Giraud<\/strong>, the French Defence Procurement Agency's general engineer <strong>Dominique Luzeaux<\/strong> (NATO, ACT Digital Transformation Champion and Special Advisor) and <strong>Daniel Gille<\/strong> (AI Director at Cyberagentur).<\/p>\n<p style=\"text-align: center;\"><a href=\"https:\/\/www.youtube.com\/watch?v=ODe7Wct7cDE\" target=\"_blank\" rel=\"noopener\"><span class=\"td_btn td_btn_md td_default_btn\">see the round table<\/span><\/a><\/p>\n<p><img loading=\"lazy\" decoding=\"async\" class=\"aligncenter wp-image-4415 size-large\" src=\"https:\/\/cyber-ihedn.fr\/wp-content\/uploads\/2026\/04\/QhDbaOEM0CArU8-1024x682.jpg\" alt=\"\" width=\"696\" height=\"464\" srcset=\"https:\/\/cyber-ihedn.fr\/wp-content\/uploads\/2026\/04\/QhDbaOEM0CArU8-1024x682.jpg 1024w, https:\/\/cyber-ihedn.fr\/wp-content\/uploads\/2026\/04\/QhDbaOEM0CArU8-300x200.jpg 300w, https:\/\/cyber-ihedn.fr\/wp-content\/uploads\/2026\/04\/QhDbaOEM0CArU8-768x512.jpg 768w, https:\/\/cyber-ihedn.fr\/wp-content\/uploads\/2026\/04\/QhDbaOEM0CArU8-1536x1024.jpg 1536w, https:\/\/cyber-ihedn.fr\/wp-content\/uploads\/2026\/04\/QhDbaOEM0CArU8-18x12.jpg 18w, https:\/\/cyber-ihedn.fr\/wp-content\/uploads\/2026\/04\/QhDbaOEM0CArU8-630x420.jpg 630w, https:\/\/cyber-ihedn.fr\/wp-content\/uploads\/2026\/04\/QhDbaOEM0CArU8-1260x840.jpg 1260w, https:\/\/cyber-ihedn.fr\/wp-content\/uploads\/2026\/04\/QhDbaOEM0CArU8-696x464.jpg 696w, https:\/\/cyber-ihedn.fr\/wp-content\/uploads\/2026\/04\/QhDbaOEM0CArU8-1392x928.jpg 1392w, https:\/\/cyber-ihedn.fr\/wp-content\/uploads\/2026\/04\/QhDbaOEM0CArU8-1068x712.jpg 1068w, https:\/\/cyber-ihedn.fr\/wp-content\/uploads\/2026\/04\/QhDbaOEM0CArU8-1920x1280.jpg 1920w, https:\/\/cyber-ihedn.fr\/wp-content\/uploads\/2026\/04\/QhDbaOEM0CArU8.jpg 2000w\" sizes=\"auto, (max-width: 696px) 100vw, 696px\" \/><\/p>","protected":false},"excerpt":{"rendered":"<p>Vincent Giraud a anim\u00e9 la table ronde \u00ab Anticiper demain : d\u00e9fis technologiques et perspectives d\u2019avenir ? \u00bb dans le cadre de la troisi\u00e8me \u00e9dition du Forum de Paris pour la d\u00e9fense et la strat\u00e9gie (PDSF) de l\u2019Acad\u00e9mie de d\u00e9fense de l&rsquo;\u00c9cole militaire (ACADEM) L\u2019\u00e9dition 2026 du Forum de Paris pour la d\u00e9fense et la [&hellip;]<\/p>\n","protected":false},"author":2,"featured_media":4394,"comment_status":"open","ping_status":"open","sticky":false,"template":"","format":"standard","meta":{"footnotes":""},"categories":[356],"tags":[485,571,600,599,597,572,574,598,575,573,533],"class_list":{"0":"post-4412","1":"post","2":"type-post","3":"status-publish","4":"format-standard","5":"has-post-thumbnail","7":"category-activites-participation-de-la-chaire-a-un-evenement","8":"tag-academ","9":"tag-academie-de-defense-de-lecole-militaire","10":"tag-cyberagentur","11":"tag-daniel-gille","12":"tag-dominique-luzeaux","13":"tag-forum-de-paris-pour-la-defense-et-la-strategie","14":"tag-fpds","15":"tag-otan","16":"tag-paris-defence-and-strategy-forum","17":"tag-pdsf","18":"tag-vincent-giraud"},"_links":{"self":[{"href":"https:\/\/cyber-ihedn.fr\/en\/wp-json\/wp\/v2\/posts\/4412","targetHints":{"allow":["GET"]}}],"collection":[{"href":"https:\/\/cyber-ihedn.fr\/en\/wp-json\/wp\/v2\/posts"}],"about":[{"href":"https:\/\/cyber-ihedn.fr\/en\/wp-json\/wp\/v2\/types\/post"}],"author":[{"embeddable":true,"href":"https:\/\/cyber-ihedn.fr\/en\/wp-json\/wp\/v2\/users\/2"}],"replies":[{"embeddable":true,"href":"https:\/\/cyber-ihedn.fr\/en\/wp-json\/wp\/v2\/comments?post=4412"}],"version-history":[{"count":1,"href":"https:\/\/cyber-ihedn.fr\/en\/wp-json\/wp\/v2\/posts\/4412\/revisions"}],"predecessor-version":[{"id":4416,"href":"https:\/\/cyber-ihedn.fr\/en\/wp-json\/wp\/v2\/posts\/4412\/revisions\/4416"}],"wp:featuredmedia":[{"embeddable":true,"href":"https:\/\/cyber-ihedn.fr\/en\/wp-json\/wp\/v2\/media\/4394"}],"wp:attachment":[{"href":"https:\/\/cyber-ihedn.fr\/en\/wp-json\/wp\/v2\/media?parent=4412"}],"wp:term":[{"taxonomy":"category","embeddable":true,"href":"https:\/\/cyber-ihedn.fr\/en\/wp-json\/wp\/v2\/categories?post=4412"},{"taxonomy":"post_tag","embeddable":true,"href":"https:\/\/cyber-ihedn.fr\/en\/wp-json\/wp\/v2\/tags?post=4412"}],"curies":[{"name":"wp","href":"https:\/\/api.w.org\/{rel}","templated":true}]}}